{"id":4154,"date":"2021-05-03T09:00:53","date_gmt":"2021-05-03T07:00:53","guid":{"rendered":"https:\/\/www.gedshop.it\/blog\/?p=3671"},"modified":"2025-11-10T12:11:06","modified_gmt":"2025-11-10T11:11:06","slug":"il-gilet-imbottito-il-must-have-della-primavera","status":"publish","type":"post","link":"https:\/\/www.gedshop.it\/blog\/il-gilet-imbottito-il-must-have-della-primavera\/","title":{"rendered":"Il gilet imbottito, il must have della primavera"},"content":{"rendered":"\n<p>Con la primavera \u00e8 arrivata anche la temperatura tipica delle mezze stagioni. A volte piacevolmente calda, a volte inaspettatamente fredda. Per questo motivo vestirsi risulta essere complicato e fare il <strong>cambio dell&#8217;armadio<\/strong> pu\u00f2 generare un po&#8217; di confusione. Meglio non uscire troppo leggeri, ma nemmeno coprirsi come se fosse ancora inverno. Servono capi versatili, adatti alle stagioni intermedie. Uno di questi capi, intramontabile, \u00e8 il <strong><a href=\"https:\/\/www.gedshop.it\/gilet-imbottito-viper-sols59000\">gilet imbottito<\/a><\/strong>, vero protagonista della primavera 2021. Non solo: questo capo \u00e8 perfetto per l\u2019outfit aziendale anche perch\u00e9 \u00e8 un capo che pu\u00f2 essere facilmente personalizzabile. Vediamo le caratteristiche del gilet imbottito e perch\u00e9 <strong>sceglierlo per la propria attivit\u00e0<\/strong>.<\/p>\n\n\n\n<h2 class=\"wp-block-heading\"> Personalizzabile<\/h2>\n\n\n\n<p> I <strong><a href=\"https:\/\/www.gedshop.it\/abbigliamento-da-lavoro-edilizia-industria-gilet-lavoro\">gilet da lavoro<\/a> <\/strong>sono un\u2019ottima scelta per garantire la protezione del lavoratore e al contempo dare un tocco di stile e professionalit\u00e0 al look. Come puoi vedere dal nostro sito, ne esistono <strong>numerosi modelli<\/strong>, che variano in base alle necessit\u00e0 e alle esigenze della clientela. Possono essere multitasche, per contenere cellulare, chiavi e oggetti da lavoro. Possono essere <strong>pi\u00f9 o meno imbottiti <\/strong>e di diversi colori e fantasie. Ce ne sono di tessuto impermeabile, in poliestere e in cotone puro. Ogni azienda ha uno stile personale e potr\u00e0 quindi <strong>scegliere il proprio modello<\/strong>, dal pi\u00f9 semplice e classico, al pi\u00f9 moderno, giovanile, casual e sportivo, in base alla personalit\u00e0 del brand. I gilet si possono poi <strong>personalizzare con il logo<\/strong> dell\u2019azienda. <strong>Stampare su Gedshop <\/strong>conviene perch\u00e8 da noi la stampa a 2 colori \u00e8 inclusa nel prezzo.<\/p>\n\n\n\n<h2 class=\"wp-block-heading\">La versatilit\u00e0<\/h2>\n\n\n\n<p>Il pregio pi\u00f9 importante del gilet imbottito \u00e8 la sua<strong> versatilit\u00e0<\/strong>. Si tratta di un capo molto leggero, in grado per\u00f2 di offrire una copertura adeguata alle ventate fresche e alle giornate pi\u00f9 fredde della primavera. Non avendo le maniche, pu\u00f2 inoltre essere <strong>piegato facilmente<\/strong> nel caso in cui le temperature si dovessero alzare. Si pu\u00f2 quindi riporre nello zaino o in una borsa abbastanza grande. Se in inverno \u00e8 molto sfruttato al di sotto del cappotto, \u00e8 in primavera che il gilet imbottito diventa protagonista dell&#8217;outfit.<\/p>\n\n\n\n<h2 class=\"wp-block-heading\"> I colori <\/h2>\n\n\n\n<figure class=\"wp-block-image\"><img decoding=\"async\" src=\"https:\/\/www.gedshop.it\/blog\/wp-content\/uploads\/2021\/04\/gilet-imbottito-rosa-1024x569.png\" alt=\"\" class=\"wp-image-3673\"\/><figcaption>Gilet imbottito fucsia<\/figcaption><\/figure>\n\n\n\n<p> Gli ultimi trend di stagione lo propongono in <strong>colori accesi<\/strong>, che ispirino allegria e buon umore. Un capo sia essenziale che fresco e dinamico, in grado, perch\u00e9 no, di tirarci su di morale. Abbinare il gilet imbottito \u00e8 davvero molto facile. Si pu\u00f2 <strong>giocare con il tono su tono<\/strong> se abbiamo scelto un gilet dai colori neutri come cammello, sabbia, bianco, ma anche blu e nero. Se invece abbiamo preferito colori vivaci come il rosa, il rosso, il verde o il giallo, possiamo usarlo per <strong>spezzare il look<\/strong>, magari abbinandolo alla combo jeans-maglioncino. <\/p>\n\n\n\n<h2 class=\"wp-block-heading\"> <\/h2>\n","protected":false},"excerpt":{"rendered":"<p>Con la primavera \u00e8 arrivata anche la temperatura tipica delle mezze stagioni. A volte piacevolmente&#8230;<\/p>\n","protected":false},"author":3,"featured_media":3683,"comment_status":"open","ping_status":"open","sticky":false,"template":"","format":"standard","meta":{"footnotes":""},"categories":[479],"tags":[],"class_list":["post-4154","post","type-post","status-publish","format-standard","has-post-thumbnail","hentry","category-tendenze"],"yoast_head":"<!-- This site is optimized with the Yoast SEO plugin v27.4 - https:\/\/yoast.com\/product\/yoast-seo-wordpress\/ -->\n<title>Il gilet imbottito, il must have della primavera - Blog di Gedshop<\/title>\n<meta name=\"description\" content=\"Vuoi conoscere il capo pi\u00f9 versatile per la primavera? Seguici sul nostro blog e ti daremo preziosi consigli su come personalizzarlo.\" \/>\n<meta name=\"robots\" content=\"index, follow, max-snippet:-1, max-image-preview:large, max-video-preview:-1\" \/>\n<link rel=\"canonical\" href=\"https:\/\/www.gedshop.it\/blog\/il-gilet-imbottito-il-must-have-della-primavera\/\" \/>\n<meta property=\"og:locale\" content=\"it_IT\" \/>\n<meta property=\"og:type\" content=\"article\" \/>\n<meta property=\"og:title\" content=\"Il gilet imbottito, il must have della primavera - Blog di Gedshop\" \/>\n<meta property=\"og:description\" content=\"Vuoi conoscere il capo pi\u00f9 versatile per la primavera? Seguici sul nostro blog e ti daremo preziosi consigli su come personalizzarlo.\" \/>\n<meta property=\"og:url\" content=\"https:\/\/www.gedshop.it\/blog\/il-gilet-imbottito-il-must-have-della-primavera\/\" \/>\n<meta property=\"og:site_name\" content=\"Blog di Gedshop\" \/>\n<meta property=\"article:publisher\" content=\"https:\/\/www.facebook.com\/gedshop.it\" \/>\n<meta property=\"article:published_time\" content=\"2021-05-03T07:00:53+00:00\" \/>\n<meta property=\"article:modified_time\" content=\"2025-11-10T11:11:06+00:00\" \/>\n<meta property=\"og:image\" content=\"https:\/\/www.gedshop.it\/blog\/wp-content\/uploads\/2021\/04\/gilet-imbottito.png\" \/>\n\t<meta property=\"og:image:width\" content=\"1170\" \/>\n\t<meta property=\"og:image:height\" content=\"650\" \/>\n\t<meta property=\"og:image:type\" content=\"image\/png\" \/>\n<meta name=\"author\" content=\"Marketing\" \/>\n<meta name=\"twitter:card\" content=\"summary_large_image\" \/>\n<meta name=\"twitter:label1\" content=\"Scritto da\" \/>\n\t<meta name=\"twitter:data1\" content=\"Marketing\" \/>\n\t<meta name=\"twitter:label2\" content=\"Tempo di lettura stimato\" \/>\n\t<meta name=\"twitter:data2\" content=\"2 minuti\" \/>\n<script type=\"application\/ld+json\" class=\"yoast-schema-graph\">{\"@context\":\"https:\\\/\\\/schema.org\",\"@graph\":[{\"@type\":\"Article\",\"@id\":\"https:\\\/\\\/www.gedshop.it\\\/blog\\\/il-gilet-imbottito-il-must-have-della-primavera\\\/#article\",\"isPartOf\":{\"@id\":\"https:\\\/\\\/www.gedshop.it\\\/blog\\\/il-gilet-imbottito-il-must-have-della-primavera\\\/\"},\"author\":{\"name\":\"Marketing\",\"@id\":\"https:\\\/\\\/www.gedshop.it\\\/blog\\\/#\\\/schema\\\/person\\\/06223370a0896a196a01d43a12bd6b25\"},\"headline\":\"Il gilet imbottito, il must have della primavera\",\"datePublished\":\"2021-05-03T07:00:53+00:00\",\"dateModified\":\"2025-11-10T11:11:06+00:00\",\"mainEntityOfPage\":{\"@id\":\"https:\\\/\\\/www.gedshop.it\\\/blog\\\/il-gilet-imbottito-il-must-have-della-primavera\\\/\"},\"wordCount\":430,\"commentCount\":0,\"publisher\":{\"@id\":\"https:\\\/\\\/www.gedshop.it\\\/blog\\\/#organization\"},\"image\":{\"@id\":\"https:\\\/\\\/www.gedshop.it\\\/blog\\\/il-gilet-imbottito-il-must-have-della-primavera\\\/#primaryimage\"},\"thumbnailUrl\":\"https:\\\/\\\/www.gedshop.it\\\/blog\\\/wp-content\\\/uploads\\\/2021\\\/04\\\/gilet-imbottito.png\",\"articleSection\":[\"Tendenze\"],\"inLanguage\":\"it-IT\",\"potentialAction\":[{\"@type\":\"CommentAction\",\"name\":\"Comment\",\"target\":[\"https:\\\/\\\/www.gedshop.it\\\/blog\\\/il-gilet-imbottito-il-must-have-della-primavera\\\/#respond\"]}]},{\"@type\":\"WebPage\",\"@id\":\"https:\\\/\\\/www.gedshop.it\\\/blog\\\/il-gilet-imbottito-il-must-have-della-primavera\\\/\",\"url\":\"https:\\\/\\\/www.gedshop.it\\\/blog\\\/il-gilet-imbottito-il-must-have-della-primavera\\\/\",\"name\":\"Il gilet imbottito, il must have della primavera - Blog di Gedshop\",\"isPartOf\":{\"@id\":\"https:\\\/\\\/www.gedshop.it\\\/blog\\\/#website\"},\"primaryImageOfPage\":{\"@id\":\"https:\\\/\\\/www.gedshop.it\\\/blog\\\/il-gilet-imbottito-il-must-have-della-primavera\\\/#primaryimage\"},\"image\":{\"@id\":\"https:\\\/\\\/www.gedshop.it\\\/blog\\\/il-gilet-imbottito-il-must-have-della-primavera\\\/#primaryimage\"},\"thumbnailUrl\":\"https:\\\/\\\/www.gedshop.it\\\/blog\\\/wp-content\\\/uploads\\\/2021\\\/04\\\/gilet-imbottito.png\",\"datePublished\":\"2021-05-03T07:00:53+00:00\",\"dateModified\":\"2025-11-10T11:11:06+00:00\",\"description\":\"Vuoi conoscere il capo pi\u00f9 versatile per la primavera? Seguici sul nostro blog e ti daremo preziosi consigli su come personalizzarlo.\",\"breadcrumb\":{\"@id\":\"https:\\\/\\\/www.gedshop.it\\\/blog\\\/il-gilet-imbottito-il-must-have-della-primavera\\\/#breadcrumb\"},\"inLanguage\":\"it-IT\",\"potentialAction\":[{\"@type\":\"ReadAction\",\"target\":[\"https:\\\/\\\/www.gedshop.it\\\/blog\\\/il-gilet-imbottito-il-must-have-della-primavera\\\/\"]}]},{\"@type\":\"ImageObject\",\"inLanguage\":\"it-IT\",\"@id\":\"https:\\\/\\\/www.gedshop.it\\\/blog\\\/il-gilet-imbottito-il-must-have-della-primavera\\\/#primaryimage\",\"url\":\"https:\\\/\\\/www.gedshop.it\\\/blog\\\/wp-content\\\/uploads\\\/2021\\\/04\\\/gilet-imbottito.png\",\"contentUrl\":\"https:\\\/\\\/www.gedshop.it\\\/blog\\\/wp-content\\\/uploads\\\/2021\\\/04\\\/gilet-imbottito.png\",\"width\":1170,\"height\":650},{\"@type\":\"BreadcrumbList\",\"@id\":\"https:\\\/\\\/www.gedshop.it\\\/blog\\\/il-gilet-imbottito-il-must-have-della-primavera\\\/#breadcrumb\",\"itemListElement\":[{\"@type\":\"ListItem\",\"position\":1,\"name\":\"Home\",\"item\":\"https:\\\/\\\/www.gedshop.it\\\/blog\\\/\"},{\"@type\":\"ListItem\",\"position\":2,\"name\":\"Il gilet imbottito, il must have della primavera\"}]},{\"@type\":\"WebSite\",\"@id\":\"https:\\\/\\\/www.gedshop.it\\\/blog\\\/#website\",\"url\":\"https:\\\/\\\/www.gedshop.it\\\/blog\\\/\",\"name\":\"Blog di Gedshop\",\"description\":\"Il magazine di Gedshop\",\"publisher\":{\"@id\":\"https:\\\/\\\/www.gedshop.it\\\/blog\\\/#organization\"},\"potentialAction\":[{\"@type\":\"SearchAction\",\"target\":{\"@type\":\"EntryPoint\",\"urlTemplate\":\"https:\\\/\\\/www.gedshop.it\\\/blog\\\/?s={search_term_string}\"},\"query-input\":{\"@type\":\"PropertyValueSpecification\",\"valueRequired\":true,\"valueName\":\"search_term_string\"}}],\"inLanguage\":\"it-IT\"},{\"@type\":\"Organization\",\"@id\":\"https:\\\/\\\/www.gedshop.it\\\/blog\\\/#organization\",\"name\":\"Blog di Gedshop\",\"url\":\"https:\\\/\\\/www.gedshop.it\\\/blog\\\/\",\"logo\":{\"@type\":\"ImageObject\",\"inLanguage\":\"it-IT\",\"@id\":\"https:\\\/\\\/www.gedshop.it\\\/blog\\\/#\\\/schema\\\/logo\\\/image\\\/\",\"url\":\"https:\\\/\\\/www.gedshop.it\\\/blog\\\/wp-content\\\/uploads\\\/2025\\\/06\\\/cropped-blogo.png\",\"contentUrl\":\"https:\\\/\\\/www.gedshop.it\\\/blog\\\/wp-content\\\/uploads\\\/2025\\\/06\\\/cropped-blogo.png\",\"width\":300,\"height\":113,\"caption\":\"Blog di Gedshop\"},\"image\":{\"@id\":\"https:\\\/\\\/www.gedshop.it\\\/blog\\\/#\\\/schema\\\/logo\\\/image\\\/\"},\"sameAs\":[\"https:\\\/\\\/www.facebook.com\\\/gedshop.it\"]},{\"@type\":\"Person\",\"@id\":\"https:\\\/\\\/www.gedshop.it\\\/blog\\\/#\\\/schema\\\/person\\\/06223370a0896a196a01d43a12bd6b25\",\"name\":\"Marketing\",\"image\":{\"@type\":\"ImageObject\",\"inLanguage\":\"it-IT\",\"@id\":\"https:\\\/\\\/secure.gravatar.com\\\/avatar\\\/9b650935e0edd33216f6e18d9e54b0f81962f6f3d6f3fc147579aa3100b03e6f?s=96&d=mm&r=g\",\"url\":\"https:\\\/\\\/secure.gravatar.com\\\/avatar\\\/9b650935e0edd33216f6e18d9e54b0f81962f6f3d6f3fc147579aa3100b03e6f?s=96&d=mm&r=g\",\"contentUrl\":\"https:\\\/\\\/secure.gravatar.com\\\/avatar\\\/9b650935e0edd33216f6e18d9e54b0f81962f6f3d6f3fc147579aa3100b03e6f?s=96&d=mm&r=g\",\"caption\":\"Marketing\"},\"url\":\"https:\\\/\\\/www.gedshop.it\\\/blog\\\/author\\\/marketing\\\/\"}]}<\/script>\n<!-- \/ Yoast SEO plugin. -->","yoast_head_json":{"title":"Il gilet imbottito, il must have della primavera - Blog di Gedshop","description":"Vuoi conoscere il capo pi\u00f9 versatile per la primavera? Seguici sul nostro blog e ti daremo preziosi consigli su come personalizzarlo.","robots":{"index":"index","follow":"follow","max-snippet":"max-snippet:-1","max-image-preview":"max-image-preview:large","max-video-preview":"max-video-preview:-1"},"canonical":"https:\/\/www.gedshop.it\/blog\/il-gilet-imbottito-il-must-have-della-primavera\/","og_locale":"it_IT","og_type":"article","og_title":"Il gilet imbottito, il must have della primavera - Blog di Gedshop","og_description":"Vuoi conoscere il capo pi\u00f9 versatile per la primavera? Seguici sul nostro blog e ti daremo preziosi consigli su come personalizzarlo.","og_url":"https:\/\/www.gedshop.it\/blog\/il-gilet-imbottito-il-must-have-della-primavera\/","og_site_name":"Blog di Gedshop","article_publisher":"https:\/\/www.facebook.com\/gedshop.it","article_published_time":"2021-05-03T07:00:53+00:00","article_modified_time":"2025-11-10T11:11:06+00:00","og_image":[{"width":1170,"height":650,"url":"https:\/\/www.gedshop.it\/blog\/wp-content\/uploads\/2021\/04\/gilet-imbottito.png","type":"image\/png"}],"author":"Marketing","twitter_card":"summary_large_image","twitter_misc":{"Scritto da":"Marketing","Tempo di lettura stimato":"2 minuti"},"schema":{"@context":"https:\/\/schema.org","@graph":[{"@type":"Article","@id":"https:\/\/www.gedshop.it\/blog\/il-gilet-imbottito-il-must-have-della-primavera\/#article","isPartOf":{"@id":"https:\/\/www.gedshop.it\/blog\/il-gilet-imbottito-il-must-have-della-primavera\/"},"author":{"name":"Marketing","@id":"https:\/\/www.gedshop.it\/blog\/#\/schema\/person\/06223370a0896a196a01d43a12bd6b25"},"headline":"Il gilet imbottito, il must have della primavera","datePublished":"2021-05-03T07:00:53+00:00","dateModified":"2025-11-10T11:11:06+00:00","mainEntityOfPage":{"@id":"https:\/\/www.gedshop.it\/blog\/il-gilet-imbottito-il-must-have-della-primavera\/"},"wordCount":430,"commentCount":0,"publisher":{"@id":"https:\/\/www.gedshop.it\/blog\/#organization"},"image":{"@id":"https:\/\/www.gedshop.it\/blog\/il-gilet-imbottito-il-must-have-della-primavera\/#primaryimage"},"thumbnailUrl":"https:\/\/www.gedshop.it\/blog\/wp-content\/uploads\/2021\/04\/gilet-imbottito.png","articleSection":["Tendenze"],"inLanguage":"it-IT","potentialAction":[{"@type":"CommentAction","name":"Comment","target":["https:\/\/www.gedshop.it\/blog\/il-gilet-imbottito-il-must-have-della-primavera\/#respond"]}]},{"@type":"WebPage","@id":"https:\/\/www.gedshop.it\/blog\/il-gilet-imbottito-il-must-have-della-primavera\/","url":"https:\/\/www.gedshop.it\/blog\/il-gilet-imbottito-il-must-have-della-primavera\/","name":"Il gilet imbottito, il must have della primavera - Blog di Gedshop","isPartOf":{"@id":"https:\/\/www.gedshop.it\/blog\/#website"},"primaryImageOfPage":{"@id":"https:\/\/www.gedshop.it\/blog\/il-gilet-imbottito-il-must-have-della-primavera\/#primaryimage"},"image":{"@id":"https:\/\/www.gedshop.it\/blog\/il-gilet-imbottito-il-must-have-della-primavera\/#primaryimage"},"thumbnailUrl":"https:\/\/www.gedshop.it\/blog\/wp-content\/uploads\/2021\/04\/gilet-imbottito.png","datePublished":"2021-05-03T07:00:53+00:00","dateModified":"2025-11-10T11:11:06+00:00","description":"Vuoi conoscere il capo pi\u00f9 versatile per la primavera? Seguici sul nostro blog e ti daremo preziosi consigli su come personalizzarlo.","breadcrumb":{"@id":"https:\/\/www.gedshop.it\/blog\/il-gilet-imbottito-il-must-have-della-primavera\/#breadcrumb"},"inLanguage":"it-IT","potentialAction":[{"@type":"ReadAction","target":["https:\/\/www.gedshop.it\/blog\/il-gilet-imbottito-il-must-have-della-primavera\/"]}]},{"@type":"ImageObject","inLanguage":"it-IT","@id":"https:\/\/www.gedshop.it\/blog\/il-gilet-imbottito-il-must-have-della-primavera\/#primaryimage","url":"https:\/\/www.gedshop.it\/blog\/wp-content\/uploads\/2021\/04\/gilet-imbottito.png","contentUrl":"https:\/\/www.gedshop.it\/blog\/wp-content\/uploads\/2021\/04\/gilet-imbottito.png","width":1170,"height":650},{"@type":"BreadcrumbList","@id":"https:\/\/www.gedshop.it\/blog\/il-gilet-imbottito-il-must-have-della-primavera\/#breadcrumb","itemListElement":[{"@type":"ListItem","position":1,"name":"Home","item":"https:\/\/www.gedshop.it\/blog\/"},{"@type":"ListItem","position":2,"name":"Il gilet imbottito, il must have della primavera"}]},{"@type":"WebSite","@id":"https:\/\/www.gedshop.it\/blog\/#website","url":"https:\/\/www.gedshop.it\/blog\/","name":"Blog di Gedshop","description":"Il magazine di Gedshop","publisher":{"@id":"https:\/\/www.gedshop.it\/blog\/#organization"},"potentialAction":[{"@type":"SearchAction","target":{"@type":"EntryPoint","urlTemplate":"https:\/\/www.gedshop.it\/blog\/?s={search_term_string}"},"query-input":{"@type":"PropertyValueSpecification","valueRequired":true,"valueName":"search_term_string"}}],"inLanguage":"it-IT"},{"@type":"Organization","@id":"https:\/\/www.gedshop.it\/blog\/#organization","name":"Blog di Gedshop","url":"https:\/\/www.gedshop.it\/blog\/","logo":{"@type":"ImageObject","inLanguage":"it-IT","@id":"https:\/\/www.gedshop.it\/blog\/#\/schema\/logo\/image\/","url":"https:\/\/www.gedshop.it\/blog\/wp-content\/uploads\/2025\/06\/cropped-blogo.png","contentUrl":"https:\/\/www.gedshop.it\/blog\/wp-content\/uploads\/2025\/06\/cropped-blogo.png","width":300,"height":113,"caption":"Blog di Gedshop"},"image":{"@id":"https:\/\/www.gedshop.it\/blog\/#\/schema\/logo\/image\/"},"sameAs":["https:\/\/www.facebook.com\/gedshop.it"]},{"@type":"Person","@id":"https:\/\/www.gedshop.it\/blog\/#\/schema\/person\/06223370a0896a196a01d43a12bd6b25","name":"Marketing","image":{"@type":"ImageObject","inLanguage":"it-IT","@id":"https:\/\/secure.gravatar.com\/avatar\/9b650935e0edd33216f6e18d9e54b0f81962f6f3d6f3fc147579aa3100b03e6f?s=96&d=mm&r=g","url":"https:\/\/secure.gravatar.com\/avatar\/9b650935e0edd33216f6e18d9e54b0f81962f6f3d6f3fc147579aa3100b03e6f?s=96&d=mm&r=g","contentUrl":"https:\/\/secure.gravatar.com\/avatar\/9b650935e0edd33216f6e18d9e54b0f81962f6f3d6f3fc147579aa3100b03e6f?s=96&d=mm&r=g","caption":"Marketing"},"url":"https:\/\/www.gedshop.it\/blog\/author\/marketing\/"}]}},"_links":{"self":[{"href":"https:\/\/www.gedshop.it\/blog\/wp-json\/wp\/v2\/posts\/4154","targetHints":{"allow":["GET"]}}],"collection":[{"href":"https:\/\/www.gedshop.it\/blog\/wp-json\/wp\/v2\/posts"}],"about":[{"href":"https:\/\/www.gedshop.it\/blog\/wp-json\/wp\/v2\/types\/post"}],"author":[{"embeddable":true,"href":"https:\/\/www.gedshop.it\/blog\/wp-json\/wp\/v2\/users\/3"}],"replies":[{"embeddable":true,"href":"https:\/\/www.gedshop.it\/blog\/wp-json\/wp\/v2\/comments?post=4154"}],"version-history":[{"count":1,"href":"https:\/\/www.gedshop.it\/blog\/wp-json\/wp\/v2\/posts\/4154\/revisions"}],"predecessor-version":[{"id":6518,"href":"https:\/\/www.gedshop.it\/blog\/wp-json\/wp\/v2\/posts\/4154\/revisions\/6518"}],"wp:featuredmedia":[{"embeddable":true,"href":"https:\/\/www.gedshop.it\/blog\/wp-json\/wp\/v2\/media\/3683"}],"wp:attachment":[{"href":"https:\/\/www.gedshop.it\/blog\/wp-json\/wp\/v2\/media?parent=4154"}],"wp:term":[{"taxonomy":"category","embeddable":true,"href":"https:\/\/www.gedshop.it\/blog\/wp-json\/wp\/v2\/categories?post=4154"},{"taxonomy":"post_tag","embeddable":true,"href":"https:\/\/www.gedshop.it\/blog\/wp-json\/wp\/v2\/tags?post=4154"}],"curies":[{"name":"wp","href":"https:\/\/api.w.org\/{rel}","templated":true}]}}