{"id":7381,"date":"2026-04-28T15:25:49","date_gmt":"2026-04-28T13:25:49","guid":{"rendered":"https:\/\/www.gedshop.it\/blog\/?p=7381"},"modified":"2026-04-28T15:25:50","modified_gmt":"2026-04-28T13:25:50","slug":"estate-e-sicurezza-sul-lavoro-guida-pratica-agli-accessori-indispensabili","status":"publish","type":"post","link":"https:\/\/www.gedshop.it\/blog\/estate-e-sicurezza-sul-lavoro-guida-pratica-agli-accessori-indispensabili\/","title":{"rendered":"Estate e sicurezza sul lavoro: guida pratica agli accessori indispensabili"},"content":{"rendered":"\n<p>Come proteggere i lavoratori dal sole senza compromettere comfort e performance? \u00c8 una domanda che ogni responsabile della sicurezza, ogni datore di lavoro e ogni responsabile delle risorse umane si trova ad affrontare con l&#8217;arrivo della bella stagione. L&#8217;estate porta con s\u00e9 <strong>rischi specifici da non sottovalutare<\/strong>: l&#8217;esposizione prolungata ai raggi UV, le alte temperature, il rischio di colpi di calore, che la normativa italiana riconosce esplicitamente e che richiedono risposte concrete.<\/p>\n\n\n\n<p>La <strong>Giornata Mondiale della Sicurezza sul Lavoro<\/strong>, celebrata ogni anno il 28 aprile, \u00e8 un&#8217;occasione per ricordare che la prevenzione non si ferma all&#8217;uso del casco o delle scarpe antinfortunistiche. In estate, la protezione dal sole \u00e8 parte integrante di una cultura della sicurezza seria e coerente. Gli strumenti esistono, le normative indicano la direzione e la personalizzazione permette di integrare tutto questo nell&#8217;identit\u00e0 visiva dell&#8217;azienda senza sacrificare funzionalit\u00e0 o qualit\u00e0.<\/p>\n\n\n\n<p>Questa guida analizza gli accessori pi\u00f9 utili, il quadro normativo di riferimento e le modalit\u00e0 per costruire kit estivi efficaci, personalizzati e apprezzati dai lavoratori.<\/p>\n\n\n\n<h2 class=\"wp-block-heading\"><strong>Indice<\/strong><\/h2>\n\n\n\n<ul class=\"wp-block-list\">\n<li><a href=\"#accessori-sicurezza-estiva\">Accessori essenziali per la sicurezza estiva<\/a><\/li>\n\n\n\n<li><a href=\"#integrazione-accessori-nelle-divise-lavoro\">Integrazione degli accessori nelle divise e negli strumenti di lavoro<\/a><\/li>\n\n\n\n<li><a href=\"#personalizzazione-accessori-lavoro-estivo\">Personalizzazione e branding senza compromessi<\/a><\/li>\n\n\n\n<li><a href=\"#benefici-protezione-estiva-lavoro\">Benefici concreti della protezione estiva sul lavoro<\/a><\/li>\n<\/ul>\n\n\n\n<h2 class=\"wp-block-heading\" id=\"accessori-sicurezza-estiva\"><strong>Accessori essenziali per la sicurezza estiva<\/strong><\/h2>\n\n\n\n<p>Il <strong>D.Lgs. 81\/2008<\/strong>, il principale riferimento normativo italiano in materia di sicurezza sul lavoro, prevede che il datore di lavoro valuti tutti i rischi legati all&#8217;attivit\u00e0 lavorativa, inclusi quelli derivanti dalle condizioni climatiche e dall&#8217;esposizione solare (Art. 15 e 28). Questa valutazione deve tradursi in <strong>misure preventive concrete<\/strong>, che includono la fornitura di dispositivi di protezione individuale adeguati. I lavoratori, invece, hanno l&#8217;<strong>obbligo di indossare i DPI forniti<\/strong>, anche quando le condizioni climatiche li rendono scomodi (Art. 20).<\/p>\n\n\n\n<p>La protezione estiva \u00e8 un obbligo normativo che si declina in scelte precise di abbigliamento e accessori.<\/p>\n\n\n\n<h3 class=\"wp-block-heading\"><strong>Occhiali da sole certificati: protezione UV, ergonomia, resistenza<\/strong><\/h3>\n\n\n\n<p>Gli occhiali da sole per uso lavorativo non sono occhiali qualsiasi. Per poter essere classificati come DPI, devono rispettare <strong>precisi standard europei di protezione UV<\/strong>, con filtri certificati che proteggono la retina. La marcatura CE e la classificazione della categoria di filtro sono elementi da verificare prima di qualsiasi acquisto.<\/p>\n\n\n\n<p>Dal punto di vista pratico, gli occhiali tecnici per l&#8217;uso lavorativo devono soddisfare <strong>requisiti aggiuntivi<\/strong> rispetto agli occhiali da sole comuni: lenti resistenti agli impatti, montatura ergonomica che si adatti a diverse morfologie facciali, compatibilit\u00e0 con altri DPI come casco o cuffie di protezione e materiali che sopportano l\u2019uso intensivo.<\/p>\n\n\n\n<h3 class=\"wp-block-heading\"><strong>Cappellini e visiere tecniche: traspiranti, regolabili, integrabili nelle uniformi<\/strong><\/h3>\n\n\n\n<p>Il copricapo \u00e8 uno degli accessori di protezione estiva pi\u00f9 accessibili e meno costosi. Per i lavoratori esposti al sole, la normativa prevede che il datore di lavoro adotti misure per limitare il rischio di colpi di calore, che includono la <strong>fornitura di copricapi adeguati nelle ore e nei contesti a maggior rischio<\/strong>.<\/p>\n\n\n\n<p>I <a href=\"https:\/\/www.gedshop.it\/cappellini-personalizzati\"><strong>cappellini tecnici personalizzabili<\/strong><\/a> di qualit\u00e0 per uso lavorativo si distinguono da quelli commerciali per alcune caratteristiche precise:<\/p>\n\n\n\n<ul class=\"wp-block-list\">\n<li>tessuti traspiranti che favoriscono la circolazione dell&#8217;aria,<\/li>\n\n\n\n<li>protezione della nuca con tesa posteriore o tegola allungata,<\/li>\n\n\n\n<li>sistemi di regolazione che si adattano a diverse taglie<\/li>\n\n\n\n<li>e materiali certificati per la protezione UV con fattore UPF (Ultraviolet Protection Factor).<\/li>\n<\/ul>\n\n\n\n<p>Un cappellino con UPF 50+ blocca il 98% delle radiazioni UV, una differenza significativa rispetto a un modello comune.<\/p>\n\n\n\n<p>\u00c8 importante sottolineare che in molti contesti di cantiere, dove il casco \u00e8 obbligatorio, il cappellino non lo sostituisce ma si integra con esso, nella versione <strong>sottocasco in tessuto tecnico sottile<\/strong>. Per i lavori all&#8217;aperto che non richiedono il casco, come molte attivit\u00e0 agricole, di manutenzione o di logistica esterna, il cappellino tecnico \u00e8 invece il DPI primario per la protezione della testa dal sole.<\/p>\n\n\n\n<h3 class=\"wp-block-heading\"><strong>Guanti tecnici estivi: protezione e destrezza anche con il caldo<\/strong><\/h3>\n\n\n\n<p>I guanti sono spesso associati alle stagioni fredde, ma in molti contesti lavorativi rappresentano un DPI indispensabile anche in estate. Chi lavora in cantiere, in magazzino o in ambienti industriali \u00e8 esposto a <strong>rischi meccanici come abrasioni, tagli o schiacciamenti <\/strong>che non dipendono dalla stagione. La protezione delle mani \u00e8 necessaria indipendentemente dalla temperatura esterna.<\/p>\n\n\n\n<p>Il problema principale \u00e8 la tendenza a non usarli per il caldo eccessivo, vanificandone la funzione protettiva. I modelli tecnici progettati per l&#8217;uso estivo risolvono questo problema con <strong>materiali traspiranti, dorso in mesh<\/strong> che favorisce la circolazione dell&#8217;aria e <strong>palmo rinforzato<\/strong> che mantiene la protezione meccanica senza appesantire il guanto. Alcuni modelli includono anche un fattore di protezione UV per le zone del dorso esposte al sole durante le attivit\u00e0 all&#8217;aperto.<\/p>\n\n\n\n<p>La scelta del guanto giusto dipende ovviamente dal <strong>tipo di rischio<\/strong>. Per lavori con materiali abrasivi servono palmi rinforzati con materiali resistenti, mentre per chi maneggia oggetti piccoli \u00e8 fondamentale mantenere la destrezza delle dita. Infine, chi lavora vicino a superfici calde necessita di materiali con propriet\u00e0 termiche certificate.<\/p>\n\n\n\n<figure class=\"wp-block-image size-large\"><img loading=\"lazy\" decoding=\"async\" width=\"1024\" height=\"651\" src=\"https:\/\/www.gedshop.it\/blog\/wp-content\/uploads\/2026\/04\/abbigliamento-da-lavoro-estivo-1024x651.png\" alt=\"abbigliamento da lavoro estivo\" class=\"wp-image-7383\" srcset=\"https:\/\/www.gedshop.it\/blog\/wp-content\/uploads\/2026\/04\/abbigliamento-da-lavoro-estivo-1024x651.png 1024w, https:\/\/www.gedshop.it\/blog\/wp-content\/uploads\/2026\/04\/abbigliamento-da-lavoro-estivo-300x191.png 300w, https:\/\/www.gedshop.it\/blog\/wp-content\/uploads\/2026\/04\/abbigliamento-da-lavoro-estivo-768x488.png 768w, https:\/\/www.gedshop.it\/blog\/wp-content\/uploads\/2026\/04\/abbigliamento-da-lavoro-estivo.png 1070w\" sizes=\"auto, (max-width: 1024px) 100vw, 1024px\" \/><\/figure>\n\n\n\n<h3 class=\"wp-block-heading\"><strong>Abbigliamento da lavoro tecnico con tessuti protettivi<\/strong><\/h3>\n\n\n\n<p>Contrariamente a quanto si potrebbe pensare, indossare meno durante le giornate calde non \u00e8 sempre la soluzione pi\u00f9 sicura. La normativa italiana e i Piani Operativi di Sicurezza delle singole aziende spesso <strong>vietano o sconsigliano l&#8217;uso di pantaloncini corti in cantiere<\/strong>, per evitare ferite alle gambe causate da materiali, schegge o superfici abrasive.&nbsp;<\/p>\n\n\n\n<p>L&#8217;abbigliamento da lavoro pi\u00f9 efficace per l\u2019estate \u00e8 quello realizzato in tessuti tecnici pensati per le alte temperature:<\/p>\n\n\n\n<ul class=\"wp-block-list\">\n<li><strong>fibre sintetiche o miste ad alta traspirabilit\u00e0<\/strong> che permettono l&#8217;evaporazione del sudore,<\/li>\n\n\n\n<li><strong>trattamenti idrorepellenti leggeri<\/strong> che proteggono dall&#8217;umidit\u00e0 senza trattenere il calore,<\/li>\n\n\n\n<li><strong>fattore UPF<\/strong> certificato che garantisce la schermatura dai raggi UV anche attraverso il tessuto.<\/li>\n<\/ul>\n\n\n\n<p>I colori chiari riflettono la luce solare meglio di quelli scuri, riducendo l&#8217;assorbimento di calore.<\/p>\n\n\n\n<p>Per chi lavora in contesti che richiedono alta visibilit\u00e0, come i cantieri stradali, la normativa <strong>EN ISO 20471 <\/strong>definisce i requisiti per gli indumenti ad alta visibilit\u00e0: bande riflettenti, colori fluorescenti e superficie minima di materiale visibile.<\/p>\n\n\n\n<p>Questi requisiti si applicano anche alle versioni estive, che devono <strong>coniugare visibilit\u00e0, protezione UV e traspirabilit\u00e0<\/strong>. Per una panoramica completa sull&#8217;abbigliamento da lavoro estivo tra comfort e sicurezza, l&#8217;articolo dedicato a <a href=\"https:\/\/www.gedshop.it\/blog\/abbigliamento-da-lavoro-estivo-comfort-sicurezza-e-stile-sotto-il-sole\/\"><strong>abbigliamento da lavoro estivo<\/strong><\/a> approfondisce le scelte pi\u00f9 adatte a ogni contesto.<\/p>\n\n\n\n<h2 class=\"wp-block-heading\" id=\"integrazione-accessori-nelle-divise-lavoro\"><strong>Integrazione degli accessori nelle divise e negli strumenti di lavoro<\/strong><\/h2>\n\n\n\n<p>Avere gli accessori giusti non \u00e8 sufficiente se non vengono effettivamente indossati. L&#8217;integrazione degli strumenti di protezione nella divisa aziendale e nella routine dei lavoratori \u00e8 la sfida operativa pi\u00f9 complessa e richiede una progettazione attenta che metta al centro l&#8217;<strong>esperienza di chi li utilizza nel quotidiano<\/strong>.<\/p>\n\n\n\n<h3 class=\"wp-block-heading\"><strong>Come inserire cappellini, occhiali o abbigliamento tecnico nelle divise senza ridurre la funzionalit\u00e0<\/strong><\/h3>\n\n\n\n<p>Il principio guida \u00e8 la <strong>coerenza<\/strong>: gli accessori&nbsp; per la protezione estiva devono essere percepiti come parte naturale della divisa, non come un&#8217;aggiunta esterna scomoda o esteticamente dissonante. Questo significa:<\/p>\n\n\n\n<ul class=\"wp-block-list\">\n<li>scegliere colori e materiali coerenti con il resto dell&#8217;abbigliamento aziendale,<\/li>\n\n\n\n<li>evitare sovrapposizioni che creino ingombro o surriscaldamento,<\/li>\n\n\n\n<li>preferire soluzioni che i lavoratori trovino pratiche da indossare e togliere durante la giornata.<\/li>\n<\/ul>\n\n\n\n<p>Un cappellino tecnico che si abbina cromaticamente alla polo aziendale, con il logo ricamato nello stesso punto in cui compare su altri capi del kit, viene percepito come parte dell&#8217;uniforme.<\/p>\n\n\n\n<h3 class=\"wp-block-heading\"><strong>Esempi pratici di kit estivi integrati per cantieri, magazzini o lavori all&#8217;aperto<\/strong><\/h3>\n\n\n\n<p>Un <strong>kit da lavoro estivo<\/strong> pu\u00f2 includere: una t-shirt tecnica traspirante ad alta visibilit\u00e0 con bande riflettenti, un cappellino sottocasco in mesh, un paio di guanti protettivi e un cappellino con visiera per le pause. Pu\u00f2 essere fornita anche una borraccia termica personalizzata per l&#8217;idratazione costante. Tutti gli elementi possono essere coordinati nei colori aziendali e personalizzati con il logo.<\/p>\n\n\n\n<p>Per chi lavora in ambienti con temperature sopra i 26\u00b0C, le normative prevedono misure specifiche come <strong>pause regolari, accesso all&#8217;acqua e limitazione delle attivit\u00e0 pi\u00f9 intense nelle ore pi\u00f9 calde<\/strong>.<\/p>\n\n\n\n<h3 class=\"wp-block-heading\"><strong>Importanza della facilit\u00e0 d&#8217;uso per garantire che i lavoratori li indossino regolarmente<\/strong><\/h3>\n\n\n\n<p>I dispositivi di protezione pi\u00f9 efficaci sono quelli che vengono effettivamente usati. Un occhiale scomodo, un cappellino che non regge il sudore o una maglia che trattiene il calore vengono tolti alla prima occasione, vanificando l&#8217;investimento e lasciando il lavoratore esposto ai rischi. La <strong>qualit\u00e0 dei materiali e l&#8217;ergonomia dei dispositivi<\/strong> sono la condizione necessaria perch\u00e9 la protezione funzioni nella pratica.<\/p>\n\n\n\n<p>Coinvolgere i lavoratori nella scelta degli accessori, quando possibile, aumenta significativamente la compliance. Un <strong>campione da testare<\/strong> prima dell&#8217;ordine finale permette di verificare che il prodotto venga accettato da chi lo deve indossare ogni giorno, evitando di distribuire kit che rimangono inutilizzati.<\/p>\n\n\n\n<h2 class=\"wp-block-heading\" id=\"personalizzazione-accessori-lavoro-estivo\"><strong>Personalizzazione e branding senza compromessi<\/strong><\/h2>\n\n\n\n<p>La personalizzazione degli accessori di sicurezza \u00e8 possibile e auspicabile, a condizione che <strong>non alteri le caratteristiche tecniche e le certificazioni del prodotto<\/strong>. Un logo ben posizionato non compromette la protezione UV di un cappellino; una serigrafia sul petto di una t-shirt tecnica non ne riduce la traspirabilit\u00e0. La chiave \u00e8 scegliere tecniche di personalizzazione <strong>compatibili con i materiali e le funzioni specifiche del prodotto<\/strong>.<\/p>\n\n\n\n<h3 class=\"wp-block-heading\"><strong>Come aggiungere il logo aziendale senza alterarne la sicurezza<\/strong><\/h3>\n\n\n\n<p>Le tecniche di personalizzazione pi\u00f9 adatte all&#8217;abbigliamento tecnico da lavoro sono il <strong>ricamo<\/strong> per i capi in tessuto, che non altera le propriet\u00e0 del materiale e garantisce una durabilit\u00e0 superiore a qualsiasi stampa, e la <strong>serigrafia con inchiostri a base acqua<\/strong> per le superfici in plastica o materiali rigidi come i cappellini con visiera rigida. Per gli occhiali tecnici, l&#8217;<strong>incisione laser<\/strong> sulle astine o la stampa sulle custodie \u00e8 la soluzione pi\u00f9 comune.<\/p>\n\n\n\n<p>\u00c8 importante ricordare che la personalizzazione <strong>non deve coprire o oscurare le marcature di conformit\u00e0 CE o altri elementi obbligatori presenti sui DPI<\/strong>.<\/p>\n\n\n\n<p>La posizione del logo deve essere scelta in modo da rispettare questi vincoli e, in caso di dubbio, \u00e8 sempre opportuno verificare con il fornitore del prodotto.<\/p>\n\n\n\n<h3 class=\"wp-block-heading\"><strong>Strategie di comunicazione interna sulla sicurezza estiva<\/strong><\/h3>\n\n\n\n<p>La distribuzione degli accessori estivi pu\u00f2 diventare un&#8217;<strong>occasione di comunicazione interna sulla sicurezza<\/strong>. Accompagnare il kit con una <strong>breve guida<\/strong> su come usarlo correttamente, sui rischi dell&#8217;esposizione solare e sui comportamenti da adottare nelle giornate pi\u00f9 calde trasforma un atto amministrativo in un momento di formazione informale.<\/p>\n\n\n\n<p>I lavoratori che capiscono perch\u00e9 indossano un determinato dispositivo sono pi\u00f9 propensi a usarlo regolarmente rispetto a coloro che lo ricevono senza spiegazioni.<\/p>\n\n\n\n<p>Per approfondire il quadro normativo che regola quali sono i principi fondamentali della sicurezza sul lavoro e chi ha obblighi in ambito di sicurezza sul lavoro, la <a href=\"https:\/\/blog.gedshop.it\/normativa-abbigliamento-da-lavoro-cosa-bisogna-sapere\/\"><strong>guida alla normativa sull&#8217;abbigliamento da lavoro<\/strong><\/a> offre un riferimento completo e aggiornato.<\/p>\n\n\n\n<h3 class=\"wp-block-heading\"><strong>Creazione di kit personalizzati per eventi aziendali estivi o campagne interne<\/strong><\/h3>\n\n\n\n<p>Le <strong>campagne interne sulla sicurezza estiva<\/strong> sono un&#8217;opportunit\u00e0 per coinvolgere i lavoratori in modo positivo. Un kit distribuito in occasione dell&#8217;estate, che include cappellino, borraccia e maglietta tecnica con il messaggio di una campagna sulla sicurezza, genera un <strong>ricordo positivo<\/strong> associato a un tema che potrebbe altrimenti essere vissuto come imposizione. Il gadget diventa strumento di cultura aziendale, non solo di protezione individuale.<\/p>\n\n\n\n<h2 class=\"wp-block-heading\" id=\"benefici-protezione-estiva-lavoro\"><strong>Benefici concreti della protezione estiva sul lavoro<\/strong><\/h2>\n\n\n\n<h3 class=\"wp-block-heading\"><strong>Riduzione dei rischi legati all&#8217;esposizione al sole, colpi di calore e affaticamento<\/strong><\/h3>\n\n\n\n<p>I colpi di calore sono una delle emergenze mediche pi\u00f9 serie legate al lavoro estivo all&#8217;aperto. Si manifestano quando <strong>la temperatura corporea supera i 40\u00b0C<\/strong> e il sistema di termoregolazione del corpo non riesce pi\u00f9 a compensare il calore accumulato. I sintomi progressivi includono affaticamento, confusione, nausea e, nei casi gravi, perdita di conoscenza. La prevenzione passa attraverso <strong>tre leve<\/strong>: idratazione costante, limitazione dell&#8217;esposizione nelle ore pi\u00f9 calde e abbigliamento adeguato che favorisca la dispersione del calore.<\/p>\n\n\n\n<p>L&#8217;esposizione cronica ai raggi UV, anche in assenza di colpi di calore acuti, aumenta nel tempo il <strong>rischio di danni alla pelle e agli occhi<\/strong>. I lavoratori che trascorrono anni all&#8217;aperto senza protezione adeguata sono esposti a un rischio professionale che l&#8217;azienda ha l&#8217;obbligo di valutare e mitigare.<\/p>\n\n\n\n<h3 class=\"wp-block-heading\"><strong>Aumento della produttivit\u00e0 e comfort dei lavoratori<\/strong><\/h3>\n\n\n\n<p>Un lavoratore che sente troppo caldo, che \u00e8 abbagliato dal sole o che soffre di affaticamento termico lavora in modo meno efficiente, commette pi\u00f9 errori e si stanca pi\u00f9 rapidamente. La correlazione tra <strong>comfort termico e produttivit\u00e0<\/strong> \u00e8 documentata: ambienti di lavoro che gestiscono attivamente le condizioni climatiche registrano performance superiori rispetto a quelli che lasciano i lavoratori esposti senza interventi.<\/p>\n\n\n\n<p>Investire in abbigliamento tecnico di qualit\u00e0 e in accessori di protezione adeguati \u00e8 una scelta che <strong>produce risultati misurabili sul rendimento del team<\/strong>, sulla riduzione degli infortuni e sull&#8217;assenteismo legato a problemi di salute correlati al calore.<\/p>\n\n\n\n<h3 class=\"wp-block-heading\"><strong>Miglioramento dell&#8217;immagine aziendale<\/strong><\/h3>\n\n\n\n<p>Un&#8217;azienda che dota i propri lavoratori di kit estivi personalizzati, curati e di qualit\u00e0 comunica attenzione al benessere delle persone in modo visibile e tangibile. Questo ha un <strong>effetto positivo sulla reputazione dell&#8217;azienda<\/strong> e sulla percezione esterna da parte di clienti e partner che vedono i team al lavoro.<\/p>\n\n\n\n<p>Per chi vuole approfondire come costruire un sistema di abbigliamento da lavoro completo e coerente, la <a href=\"https:\/\/blog.gedshop.it\/guida-completa-allabbigliamento-da-lavoro-materiali-comfort-e-sicurezza\/\"><strong>guida completa all&#8217;abbigliamento da lavoro<\/strong><\/a> analizza materiali, comfort e sicurezza per ogni settore e stagione.<\/p>\n\n\n\n<h2 class=\"wp-block-heading\"><strong>FAQ<\/strong><\/h2>\n\n\n\n<p><strong>Cosa si intende per sicurezza sul lavoro in estate?<\/strong><\/p>\n\n\n\n<p>Per sicurezza sul lavoro in estate si intende l&#8217;insieme delle misure preventive e dei dispositivi di protezione individuale adottati per tutelare i lavoratori dai rischi specifici della stagione calda: esposizione ai raggi UV, colpi di calore, affaticamento termico e abbagliamento da luce solare intensa. Il quadro normativo di riferimento \u00e8 il D.Lgs. 81\/2008, che impone al datore di lavoro di valutare tutti i rischi legati all&#8217;attivit\u00e0 lavorativa, incluse le condizioni climatiche, e di adottare misure concrete per ridurli. In pratica questo si traduce nella fornitura di abbigliamento tecnico traspirante, copricapi con protezione UV, occhiali certificati e nella definizione di procedure operative che limitino l&#8217;esposizione nelle ore pi\u00f9 calde.<\/p>\n\n\n\n<p><strong>Quali accessori estivi sono obbligatori per legge in determinati settori?<\/strong><\/p>\n\n\n\n<p>Il D.Lgs. 81\/2008 non elenca accessori specifici ma impone al datore di lavoro di valutare i rischi e fornire i DPI adeguati. In pratica, per i lavoratori esposti al sole questo significa copricapi adeguati, abbigliamento che non impedisca la traspirazione e, dove necessario, occhiali con protezione UV certificata. In cantiere, il casco \u00e8 obbligatorio indipendentemente dalla stagione, spesso integrato con sistemi di ventilazione. I Piani Operativi di Sicurezza delle singole aziende possono prevedere requisiti aggiuntivi rispetto al minimo normativo.<\/p>\n\n\n\n<p><strong>Come scegliere abbigliamento tecnico estivo che protegga dai raggi UV?<\/strong><\/p>\n\n\n\n<p>Il parametro da cercare \u00e8 il fattore UPF (Ultraviolet Protection Factor): un valore di UPF 50+ indica che il tessuto blocca il 98% delle radiazioni UV. Oltre al fattore UPF, \u00e8 importante scegliere tessuti leggeri e traspiranti, colori chiari che riflettano il calore, e capi con copertura adeguata per le zone pi\u00f9 esposte come nuca e avambracci. Verificare sempre la presenza di certificazioni in etichetta, che attestino le caratteristiche tecniche dichiarate.<\/p>\n\n\n\n<p><strong>\u00c8 possibile personalizzare accessori protettivi senza comprometterne la sicurezza?<\/strong><\/p>\n\n\n\n<p>S\u00ec, a condizione di scegliere tecniche compatibili con i materiali e di non coprire le marcature di conformit\u00e0 obbligatorie. Il ricamo \u00e8 la tecnica pi\u00f9 indicata per i tessuti tecnici perch\u00e9 non altera le propriet\u00e0 del materiale. La serigrafia con inchiostri a base acqua \u00e8 adatta per le superfici rigide. \u00c8 sempre consigliabile verificare con il fornitore che la personalizzazione scelta sia compatibile con le caratteristiche tecniche e le certificazioni del prodotto specifico.<\/p>\n","protected":false},"excerpt":{"rendered":"<p>Come proteggere i lavoratori dal sole senza compromettere comfort e performance? \u00c8 una domanda che&#8230;<\/p>\n","protected":false},"author":3,"featured_media":7382,"comment_status":"open","ping_status":"open","sticky":false,"template":"","format":"standard","meta":{"footnotes":""},"categories":[6],"tags":[],"class_list":["post-7381","post","type-post","status-publish","format-standard","has-post-thumbnail","hentry","category-guida-pratica"],"yoast_head":"<!-- This site is optimized with the Yoast SEO plugin v27.4 - https:\/\/yoast.com\/product\/yoast-seo-wordpress\/ -->\n<title>Estate e sicurezza sul lavoro: guida pratica agli accessori indispensabili - Blog di Gedshop<\/title>\n<meta name=\"description\" content=\"Tutto quello che un&#039;azienda deve sapere sugli accessori per la protezione estiva dei lavoratori: rischi, obblighi e soluzioni concrete.\" \/>\n<meta name=\"robots\" content=\"index, follow, max-snippet:-1, max-image-preview:large, max-video-preview:-1\" \/>\n<link rel=\"canonical\" href=\"https:\/\/www.gedshop.it\/blog\/estate-e-sicurezza-sul-lavoro-guida-pratica-agli-accessori-indispensabili\/\" \/>\n<meta property=\"og:locale\" content=\"it_IT\" \/>\n<meta property=\"og:type\" content=\"article\" \/>\n<meta property=\"og:title\" content=\"Estate e sicurezza sul lavoro: guida pratica agli accessori indispensabili - Blog di Gedshop\" \/>\n<meta property=\"og:description\" content=\"Tutto quello che un&#039;azienda deve sapere sugli accessori per la protezione estiva dei lavoratori: rischi, obblighi e soluzioni concrete.\" \/>\n<meta property=\"og:url\" content=\"https:\/\/www.gedshop.it\/blog\/estate-e-sicurezza-sul-lavoro-guida-pratica-agli-accessori-indispensabili\/\" \/>\n<meta property=\"og:site_name\" content=\"Blog di Gedshop\" \/>\n<meta property=\"article:publisher\" content=\"https:\/\/www.facebook.com\/gedshop.it\" \/>\n<meta property=\"article:published_time\" content=\"2026-04-28T13:25:49+00:00\" \/>\n<meta property=\"article:modified_time\" content=\"2026-04-28T13:25:50+00:00\" \/>\n<meta property=\"og:image\" content=\"https:\/\/www.gedshop.it\/blog\/wp-content\/uploads\/2026\/04\/giornata-mondiale-della-sicurezza-sul-lavoro.png\" \/>\n\t<meta property=\"og:image:width\" content=\"1070\" \/>\n\t<meta property=\"og:image:height\" content=\"680\" \/>\n\t<meta property=\"og:image:type\" content=\"image\/png\" \/>\n<meta name=\"author\" content=\"Marketing\" \/>\n<meta name=\"twitter:card\" content=\"summary_large_image\" \/>\n<meta name=\"twitter:label1\" content=\"Scritto da\" \/>\n\t<meta name=\"twitter:data1\" content=\"Marketing\" \/>\n\t<meta name=\"twitter:label2\" content=\"Tempo di lettura stimato\" \/>\n\t<meta name=\"twitter:data2\" content=\"14 minuti\" \/>\n<script type=\"application\/ld+json\" class=\"yoast-schema-graph\">{\"@context\":\"https:\\\/\\\/schema.org\",\"@graph\":[{\"@type\":\"Article\",\"@id\":\"https:\\\/\\\/www.gedshop.it\\\/blog\\\/estate-e-sicurezza-sul-lavoro-guida-pratica-agli-accessori-indispensabili\\\/#article\",\"isPartOf\":{\"@id\":\"https:\\\/\\\/www.gedshop.it\\\/blog\\\/estate-e-sicurezza-sul-lavoro-guida-pratica-agli-accessori-indispensabili\\\/\"},\"author\":{\"name\":\"Marketing\",\"@id\":\"https:\\\/\\\/www.gedshop.it\\\/blog\\\/#\\\/schema\\\/person\\\/06223370a0896a196a01d43a12bd6b25\"},\"headline\":\"Estate e sicurezza sul lavoro: guida pratica agli accessori indispensabili\",\"datePublished\":\"2026-04-28T13:25:49+00:00\",\"dateModified\":\"2026-04-28T13:25:50+00:00\",\"mainEntityOfPage\":{\"@id\":\"https:\\\/\\\/www.gedshop.it\\\/blog\\\/estate-e-sicurezza-sul-lavoro-guida-pratica-agli-accessori-indispensabili\\\/\"},\"wordCount\":2446,\"commentCount\":0,\"publisher\":{\"@id\":\"https:\\\/\\\/www.gedshop.it\\\/blog\\\/#organization\"},\"image\":{\"@id\":\"https:\\\/\\\/www.gedshop.it\\\/blog\\\/estate-e-sicurezza-sul-lavoro-guida-pratica-agli-accessori-indispensabili\\\/#primaryimage\"},\"thumbnailUrl\":\"https:\\\/\\\/www.gedshop.it\\\/blog\\\/wp-content\\\/uploads\\\/2026\\\/04\\\/giornata-mondiale-della-sicurezza-sul-lavoro.png\",\"articleSection\":[\"Guida Pratica\"],\"inLanguage\":\"it-IT\",\"potentialAction\":[{\"@type\":\"CommentAction\",\"name\":\"Comment\",\"target\":[\"https:\\\/\\\/www.gedshop.it\\\/blog\\\/estate-e-sicurezza-sul-lavoro-guida-pratica-agli-accessori-indispensabili\\\/#respond\"]}]},{\"@type\":\"WebPage\",\"@id\":\"https:\\\/\\\/www.gedshop.it\\\/blog\\\/estate-e-sicurezza-sul-lavoro-guida-pratica-agli-accessori-indispensabili\\\/\",\"url\":\"https:\\\/\\\/www.gedshop.it\\\/blog\\\/estate-e-sicurezza-sul-lavoro-guida-pratica-agli-accessori-indispensabili\\\/\",\"name\":\"Estate e sicurezza sul lavoro: guida pratica agli accessori indispensabili - Blog di Gedshop\",\"isPartOf\":{\"@id\":\"https:\\\/\\\/www.gedshop.it\\\/blog\\\/#website\"},\"primaryImageOfPage\":{\"@id\":\"https:\\\/\\\/www.gedshop.it\\\/blog\\\/estate-e-sicurezza-sul-lavoro-guida-pratica-agli-accessori-indispensabili\\\/#primaryimage\"},\"image\":{\"@id\":\"https:\\\/\\\/www.gedshop.it\\\/blog\\\/estate-e-sicurezza-sul-lavoro-guida-pratica-agli-accessori-indispensabili\\\/#primaryimage\"},\"thumbnailUrl\":\"https:\\\/\\\/www.gedshop.it\\\/blog\\\/wp-content\\\/uploads\\\/2026\\\/04\\\/giornata-mondiale-della-sicurezza-sul-lavoro.png\",\"datePublished\":\"2026-04-28T13:25:49+00:00\",\"dateModified\":\"2026-04-28T13:25:50+00:00\",\"description\":\"Tutto quello che un'azienda deve sapere sugli accessori per la protezione estiva dei lavoratori: rischi, obblighi e soluzioni concrete.\",\"breadcrumb\":{\"@id\":\"https:\\\/\\\/www.gedshop.it\\\/blog\\\/estate-e-sicurezza-sul-lavoro-guida-pratica-agli-accessori-indispensabili\\\/#breadcrumb\"},\"inLanguage\":\"it-IT\",\"potentialAction\":[{\"@type\":\"ReadAction\",\"target\":[\"https:\\\/\\\/www.gedshop.it\\\/blog\\\/estate-e-sicurezza-sul-lavoro-guida-pratica-agli-accessori-indispensabili\\\/\"]}]},{\"@type\":\"ImageObject\",\"inLanguage\":\"it-IT\",\"@id\":\"https:\\\/\\\/www.gedshop.it\\\/blog\\\/estate-e-sicurezza-sul-lavoro-guida-pratica-agli-accessori-indispensabili\\\/#primaryimage\",\"url\":\"https:\\\/\\\/www.gedshop.it\\\/blog\\\/wp-content\\\/uploads\\\/2026\\\/04\\\/giornata-mondiale-della-sicurezza-sul-lavoro.png\",\"contentUrl\":\"https:\\\/\\\/www.gedshop.it\\\/blog\\\/wp-content\\\/uploads\\\/2026\\\/04\\\/giornata-mondiale-della-sicurezza-sul-lavoro.png\",\"width\":1070,\"height\":680,\"caption\":\"giornata mondiale della sicurezza sul lavoro\"},{\"@type\":\"BreadcrumbList\",\"@id\":\"https:\\\/\\\/www.gedshop.it\\\/blog\\\/estate-e-sicurezza-sul-lavoro-guida-pratica-agli-accessori-indispensabili\\\/#breadcrumb\",\"itemListElement\":[{\"@type\":\"ListItem\",\"position\":1,\"name\":\"Home\",\"item\":\"https:\\\/\\\/www.gedshop.it\\\/blog\\\/\"},{\"@type\":\"ListItem\",\"position\":2,\"name\":\"Estate e sicurezza sul lavoro: guida pratica agli accessori indispensabili\"}]},{\"@type\":\"WebSite\",\"@id\":\"https:\\\/\\\/www.gedshop.it\\\/blog\\\/#website\",\"url\":\"https:\\\/\\\/www.gedshop.it\\\/blog\\\/\",\"name\":\"Blog di Gedshop\",\"description\":\"Il magazine di Gedshop\",\"publisher\":{\"@id\":\"https:\\\/\\\/www.gedshop.it\\\/blog\\\/#organization\"},\"potentialAction\":[{\"@type\":\"SearchAction\",\"target\":{\"@type\":\"EntryPoint\",\"urlTemplate\":\"https:\\\/\\\/www.gedshop.it\\\/blog\\\/?s={search_term_string}\"},\"query-input\":{\"@type\":\"PropertyValueSpecification\",\"valueRequired\":true,\"valueName\":\"search_term_string\"}}],\"inLanguage\":\"it-IT\"},{\"@type\":\"Organization\",\"@id\":\"https:\\\/\\\/www.gedshop.it\\\/blog\\\/#organization\",\"name\":\"Blog di Gedshop\",\"url\":\"https:\\\/\\\/www.gedshop.it\\\/blog\\\/\",\"logo\":{\"@type\":\"ImageObject\",\"inLanguage\":\"it-IT\",\"@id\":\"https:\\\/\\\/www.gedshop.it\\\/blog\\\/#\\\/schema\\\/logo\\\/image\\\/\",\"url\":\"https:\\\/\\\/www.gedshop.it\\\/blog\\\/wp-content\\\/uploads\\\/2025\\\/06\\\/cropped-blogo.png\",\"contentUrl\":\"https:\\\/\\\/www.gedshop.it\\\/blog\\\/wp-content\\\/uploads\\\/2025\\\/06\\\/cropped-blogo.png\",\"width\":300,\"height\":113,\"caption\":\"Blog di Gedshop\"},\"image\":{\"@id\":\"https:\\\/\\\/www.gedshop.it\\\/blog\\\/#\\\/schema\\\/logo\\\/image\\\/\"},\"sameAs\":[\"https:\\\/\\\/www.facebook.com\\\/gedshop.it\"]},{\"@type\":\"Person\",\"@id\":\"https:\\\/\\\/www.gedshop.it\\\/blog\\\/#\\\/schema\\\/person\\\/06223370a0896a196a01d43a12bd6b25\",\"name\":\"Marketing\",\"image\":{\"@type\":\"ImageObject\",\"inLanguage\":\"it-IT\",\"@id\":\"https:\\\/\\\/secure.gravatar.com\\\/avatar\\\/9b650935e0edd33216f6e18d9e54b0f81962f6f3d6f3fc147579aa3100b03e6f?s=96&d=mm&r=g\",\"url\":\"https:\\\/\\\/secure.gravatar.com\\\/avatar\\\/9b650935e0edd33216f6e18d9e54b0f81962f6f3d6f3fc147579aa3100b03e6f?s=96&d=mm&r=g\",\"contentUrl\":\"https:\\\/\\\/secure.gravatar.com\\\/avatar\\\/9b650935e0edd33216f6e18d9e54b0f81962f6f3d6f3fc147579aa3100b03e6f?s=96&d=mm&r=g\",\"caption\":\"Marketing\"},\"url\":\"https:\\\/\\\/www.gedshop.it\\\/blog\\\/author\\\/marketing\\\/\"}]}<\/script>\n<!-- \/ Yoast SEO plugin. -->","yoast_head_json":{"title":"Estate e sicurezza sul lavoro: guida pratica agli accessori indispensabili - Blog di Gedshop","description":"Tutto quello che un'azienda deve sapere sugli accessori per la protezione estiva dei lavoratori: rischi, obblighi e soluzioni concrete.","robots":{"index":"index","follow":"follow","max-snippet":"max-snippet:-1","max-image-preview":"max-image-preview:large","max-video-preview":"max-video-preview:-1"},"canonical":"https:\/\/www.gedshop.it\/blog\/estate-e-sicurezza-sul-lavoro-guida-pratica-agli-accessori-indispensabili\/","og_locale":"it_IT","og_type":"article","og_title":"Estate e sicurezza sul lavoro: guida pratica agli accessori indispensabili - Blog di Gedshop","og_description":"Tutto quello che un'azienda deve sapere sugli accessori per la protezione estiva dei lavoratori: rischi, obblighi e soluzioni concrete.","og_url":"https:\/\/www.gedshop.it\/blog\/estate-e-sicurezza-sul-lavoro-guida-pratica-agli-accessori-indispensabili\/","og_site_name":"Blog di Gedshop","article_publisher":"https:\/\/www.facebook.com\/gedshop.it","article_published_time":"2026-04-28T13:25:49+00:00","article_modified_time":"2026-04-28T13:25:50+00:00","og_image":[{"width":1070,"height":680,"url":"https:\/\/www.gedshop.it\/blog\/wp-content\/uploads\/2026\/04\/giornata-mondiale-della-sicurezza-sul-lavoro.png","type":"image\/png"}],"author":"Marketing","twitter_card":"summary_large_image","twitter_misc":{"Scritto da":"Marketing","Tempo di lettura stimato":"14 minuti"},"schema":{"@context":"https:\/\/schema.org","@graph":[{"@type":"Article","@id":"https:\/\/www.gedshop.it\/blog\/estate-e-sicurezza-sul-lavoro-guida-pratica-agli-accessori-indispensabili\/#article","isPartOf":{"@id":"https:\/\/www.gedshop.it\/blog\/estate-e-sicurezza-sul-lavoro-guida-pratica-agli-accessori-indispensabili\/"},"author":{"name":"Marketing","@id":"https:\/\/www.gedshop.it\/blog\/#\/schema\/person\/06223370a0896a196a01d43a12bd6b25"},"headline":"Estate e sicurezza sul lavoro: guida pratica agli accessori indispensabili","datePublished":"2026-04-28T13:25:49+00:00","dateModified":"2026-04-28T13:25:50+00:00","mainEntityOfPage":{"@id":"https:\/\/www.gedshop.it\/blog\/estate-e-sicurezza-sul-lavoro-guida-pratica-agli-accessori-indispensabili\/"},"wordCount":2446,"commentCount":0,"publisher":{"@id":"https:\/\/www.gedshop.it\/blog\/#organization"},"image":{"@id":"https:\/\/www.gedshop.it\/blog\/estate-e-sicurezza-sul-lavoro-guida-pratica-agli-accessori-indispensabili\/#primaryimage"},"thumbnailUrl":"https:\/\/www.gedshop.it\/blog\/wp-content\/uploads\/2026\/04\/giornata-mondiale-della-sicurezza-sul-lavoro.png","articleSection":["Guida Pratica"],"inLanguage":"it-IT","potentialAction":[{"@type":"CommentAction","name":"Comment","target":["https:\/\/www.gedshop.it\/blog\/estate-e-sicurezza-sul-lavoro-guida-pratica-agli-accessori-indispensabili\/#respond"]}]},{"@type":"WebPage","@id":"https:\/\/www.gedshop.it\/blog\/estate-e-sicurezza-sul-lavoro-guida-pratica-agli-accessori-indispensabili\/","url":"https:\/\/www.gedshop.it\/blog\/estate-e-sicurezza-sul-lavoro-guida-pratica-agli-accessori-indispensabili\/","name":"Estate e sicurezza sul lavoro: guida pratica agli accessori indispensabili - Blog di Gedshop","isPartOf":{"@id":"https:\/\/www.gedshop.it\/blog\/#website"},"primaryImageOfPage":{"@id":"https:\/\/www.gedshop.it\/blog\/estate-e-sicurezza-sul-lavoro-guida-pratica-agli-accessori-indispensabili\/#primaryimage"},"image":{"@id":"https:\/\/www.gedshop.it\/blog\/estate-e-sicurezza-sul-lavoro-guida-pratica-agli-accessori-indispensabili\/#primaryimage"},"thumbnailUrl":"https:\/\/www.gedshop.it\/blog\/wp-content\/uploads\/2026\/04\/giornata-mondiale-della-sicurezza-sul-lavoro.png","datePublished":"2026-04-28T13:25:49+00:00","dateModified":"2026-04-28T13:25:50+00:00","description":"Tutto quello che un'azienda deve sapere sugli accessori per la protezione estiva dei lavoratori: rischi, obblighi e soluzioni concrete.","breadcrumb":{"@id":"https:\/\/www.gedshop.it\/blog\/estate-e-sicurezza-sul-lavoro-guida-pratica-agli-accessori-indispensabili\/#breadcrumb"},"inLanguage":"it-IT","potentialAction":[{"@type":"ReadAction","target":["https:\/\/www.gedshop.it\/blog\/estate-e-sicurezza-sul-lavoro-guida-pratica-agli-accessori-indispensabili\/"]}]},{"@type":"ImageObject","inLanguage":"it-IT","@id":"https:\/\/www.gedshop.it\/blog\/estate-e-sicurezza-sul-lavoro-guida-pratica-agli-accessori-indispensabili\/#primaryimage","url":"https:\/\/www.gedshop.it\/blog\/wp-content\/uploads\/2026\/04\/giornata-mondiale-della-sicurezza-sul-lavoro.png","contentUrl":"https:\/\/www.gedshop.it\/blog\/wp-content\/uploads\/2026\/04\/giornata-mondiale-della-sicurezza-sul-lavoro.png","width":1070,"height":680,"caption":"giornata mondiale della sicurezza sul lavoro"},{"@type":"BreadcrumbList","@id":"https:\/\/www.gedshop.it\/blog\/estate-e-sicurezza-sul-lavoro-guida-pratica-agli-accessori-indispensabili\/#breadcrumb","itemListElement":[{"@type":"ListItem","position":1,"name":"Home","item":"https:\/\/www.gedshop.it\/blog\/"},{"@type":"ListItem","position":2,"name":"Estate e sicurezza sul lavoro: guida pratica agli accessori indispensabili"}]},{"@type":"WebSite","@id":"https:\/\/www.gedshop.it\/blog\/#website","url":"https:\/\/www.gedshop.it\/blog\/","name":"Blog di Gedshop","description":"Il magazine di Gedshop","publisher":{"@id":"https:\/\/www.gedshop.it\/blog\/#organization"},"potentialAction":[{"@type":"SearchAction","target":{"@type":"EntryPoint","urlTemplate":"https:\/\/www.gedshop.it\/blog\/?s={search_term_string}"},"query-input":{"@type":"PropertyValueSpecification","valueRequired":true,"valueName":"search_term_string"}}],"inLanguage":"it-IT"},{"@type":"Organization","@id":"https:\/\/www.gedshop.it\/blog\/#organization","name":"Blog di Gedshop","url":"https:\/\/www.gedshop.it\/blog\/","logo":{"@type":"ImageObject","inLanguage":"it-IT","@id":"https:\/\/www.gedshop.it\/blog\/#\/schema\/logo\/image\/","url":"https:\/\/www.gedshop.it\/blog\/wp-content\/uploads\/2025\/06\/cropped-blogo.png","contentUrl":"https:\/\/www.gedshop.it\/blog\/wp-content\/uploads\/2025\/06\/cropped-blogo.png","width":300,"height":113,"caption":"Blog di Gedshop"},"image":{"@id":"https:\/\/www.gedshop.it\/blog\/#\/schema\/logo\/image\/"},"sameAs":["https:\/\/www.facebook.com\/gedshop.it"]},{"@type":"Person","@id":"https:\/\/www.gedshop.it\/blog\/#\/schema\/person\/06223370a0896a196a01d43a12bd6b25","name":"Marketing","image":{"@type":"ImageObject","inLanguage":"it-IT","@id":"https:\/\/secure.gravatar.com\/avatar\/9b650935e0edd33216f6e18d9e54b0f81962f6f3d6f3fc147579aa3100b03e6f?s=96&d=mm&r=g","url":"https:\/\/secure.gravatar.com\/avatar\/9b650935e0edd33216f6e18d9e54b0f81962f6f3d6f3fc147579aa3100b03e6f?s=96&d=mm&r=g","contentUrl":"https:\/\/secure.gravatar.com\/avatar\/9b650935e0edd33216f6e18d9e54b0f81962f6f3d6f3fc147579aa3100b03e6f?s=96&d=mm&r=g","caption":"Marketing"},"url":"https:\/\/www.gedshop.it\/blog\/author\/marketing\/"}]}},"_links":{"self":[{"href":"https:\/\/www.gedshop.it\/blog\/wp-json\/wp\/v2\/posts\/7381","targetHints":{"allow":["GET"]}}],"collection":[{"href":"https:\/\/www.gedshop.it\/blog\/wp-json\/wp\/v2\/posts"}],"about":[{"href":"https:\/\/www.gedshop.it\/blog\/wp-json\/wp\/v2\/types\/post"}],"author":[{"embeddable":true,"href":"https:\/\/www.gedshop.it\/blog\/wp-json\/wp\/v2\/users\/3"}],"replies":[{"embeddable":true,"href":"https:\/\/www.gedshop.it\/blog\/wp-json\/wp\/v2\/comments?post=7381"}],"version-history":[{"count":1,"href":"https:\/\/www.gedshop.it\/blog\/wp-json\/wp\/v2\/posts\/7381\/revisions"}],"predecessor-version":[{"id":7384,"href":"https:\/\/www.gedshop.it\/blog\/wp-json\/wp\/v2\/posts\/7381\/revisions\/7384"}],"wp:featuredmedia":[{"embeddable":true,"href":"https:\/\/www.gedshop.it\/blog\/wp-json\/wp\/v2\/media\/7382"}],"wp:attachment":[{"href":"https:\/\/www.gedshop.it\/blog\/wp-json\/wp\/v2\/media?parent=7381"}],"wp:term":[{"taxonomy":"category","embeddable":true,"href":"https:\/\/www.gedshop.it\/blog\/wp-json\/wp\/v2\/categories?post=7381"},{"taxonomy":"post_tag","embeddable":true,"href":"https:\/\/www.gedshop.it\/blog\/wp-json\/wp\/v2\/tags?post=7381"}],"curies":[{"name":"wp","href":"https:\/\/api.w.org\/{rel}","templated":true}]}}